{"id":380,"date":"2020-02-26T09:12:56","date_gmt":"2020-02-26T09:12:56","guid":{"rendered":"https:\/\/www.oikia.it\/news\/?p=380"},"modified":"2020-02-26T09:12:57","modified_gmt":"2020-02-26T09:12:57","slug":"coronavirus-e-mercato-immobiliare","status":"publish","type":"post","link":"https:\/\/www.oikia.it\/news\/coronavirus-e-mercato-immobiliare\/","title":{"rendered":"Coronavirus e mercato immobiliare"},"content":{"rendered":"\n<p>L&#8217;emergenza sanitaria del Coronavirus (COVID-19) vede le istituzioni impegnate ad arginare il pericolo pandemia, con Cina e Italia in prima linea, Stati Uniti che, per ora in una posizione pi\u00f9 sicura, sta studiando un vaccino. E i mercati? Ovviamente in flessione.<\/p>\n\n\n\n<!--more-->\n\n\n\n<p>Piazza Affari, nella giornata di Martedi, dopo un\u2019apertura in ribasso del 3,5%, nel pomeriggio \u00e8 scesa ulteriormente ancora a -6%, Francoforte in flessione del 3,5%, Parigi del 3,4% e Londra del 3%. In realt\u00e0, guardando una finestra temporale pi\u00f9 alta, l&#8217;inizio del 2020 aveva visto una forte e persin innaturale impennata degli indici delle varie borse, con picchi anche del 15%. Gli analisti esperti di settore, al momento, non cedono ai facili allarmismi: <strong>per ora si tratta di un semplice &#8220;riposizionamento&#8221; degli indici a livelli normali. <\/strong><\/p>\n\n\n\n<h3 class=\"wp-block-heading\">Situazione <strong>Italiana<\/strong> : 10 vittime, 322 persone contagiate (dato aggiornato Mer 26\/02\/2020), <strong>economia messa a dura prova<\/strong>.<\/h3>\n\n\n\n<p>Le regioni pi\u00f9 colpite dal virus, nel momento in cui scriviamo, sono <strong>Lombardia<\/strong> e <strong>Veneto<\/strong> (responsabili da sole di oltre il 30% del PIL), ma l&#8217;essere il terzo Paese al mondo per numero di contagi ha letteralmente fatto franare le prenotazioni dall&#8217;estero, con ricaduta sul settore del Turismo (-40% prenotazioni rispetto allo stesso periodo dell&#8217;anno scorso). Gli investitori, dalla cui fiducia dipende l&#8217;economia e il credito sui mercati dell&#8217;intera nazione, sono al momento cauti. <\/p>\n\n\n\n<p>Il <a rel=\"noreferrer noopener\" aria-label=\"Decreto Ministeriale per affrontare il virus (apre in una nuova scheda)\" href=\"http:\/\/www.governo.it\/it\/approfondimento\/coronavirus-il-decreto-legge-23-febbraio-2020-e-il-dpcm-attuativo\/14173\" target=\"_blank\">Decreto Ministeriale per affrontare il virus<\/a> e l&#8217;epidemia, che impone zone di letteralmente isolate (le cosiddette &#8220;<em>zone rosse<\/em>&#8220;, come la bassa lombarda), chiusura scuole e pubblici uffici, nonch\u00e9 di luoghi di ritrovo come palestre e bar (per questi ultimi \u00e8 imposta una variazione di orario, non la chiusura totale), ha comprensibilmente portato conseguenze, potenzialmente gravi, sul lavoro, occupazione, istruzione. <\/p>\n\n\n\n<h4 class=\"wp-block-heading\"><strong>Mercato immobiliare<\/strong><\/h4>\n\n\n\n<p>La salute del mercato immobiliare, in Italia come nel mondo, risente in positivo e in negativo dell&#8217;andamento dei mercati ed \u00e8 riflesso diretto dell&#8217;economia Italiana. Nonostante le <a href=\"https:\/\/www.oikia.it\/news\/news\/mercato-immobiliare-previsioni-per-il-2020.html\">rosee previsioni fatte alla fine del 2019<\/a> \u00e8 facile prevedere una flessione importante delle transazioni almeno per tutto il primo semestre 2020. Primo perch\u00e9 nelle regioni <strong>Veneto, Lombardia, Piemonte e Toscana si \u00e8 piena emergenza sanitaria<\/strong>, con inoltre la comunit\u00e0 cinese (buyer molto attivo negli ultimi anni) che si \u00e8 autoesclusa dalla vita pubblica. Mercato pressoch\u00e9 fermo quindi in quattro regioni importanti e trainanti, il cui stop incide percentualmente sulle statistiche a livello nazionale. Secondo, perch\u00e9 anche le altre Regioni, con nuovi casi, seppur isolati, non sono immuni alla paura di una possibile pandemia di COVID-19.<\/p>\n\n\n\n<p>Molto presto per fare nuove previsioni per i prossimi mesi. Gli economisti pi\u00f9 ottimisti contano in un <strong>movimento cosiddetto a &#8220;V&#8221; dei mercati<\/strong>, con una rapida discesa, il baratro raggiunto molto velocemente, ma altrettanto velocemente una risalita degli indici fino a valori normali.<\/p>\n\n\n\n<p><\/p>\n","protected":false},"excerpt":{"rendered":"<p>L&#8217;emergenza sanitaria del Coronavirus (COVID-19) vede le istituzioni impegnate ad arginare il pericolo pandemia, con Cina e Italia in prima linea, Stati Uniti che, per ora in una posizione pi\u00f9 sicura, sta studiando un vaccino. E i mercati? Ovviamente in flessione.<\/p>\n","protected":false},"author":4,"featured_media":382,"comment_status":"open","ping_status":"closed","sticky":false,"template":"","format":"standard","meta":{"_monsterinsights_skip_tracking":false,"_monsterinsights_sitenote_active":false,"_monsterinsights_sitenote_note":"","_monsterinsights_sitenote_category":0,"_genesis_hide_title":false,"_genesis_hide_breadcrumbs":false,"_genesis_hide_singular_image":false,"_genesis_hide_footer_widgets":false,"_genesis_custom_body_class":"","_genesis_custom_post_class":"","_genesis_layout":"","footnotes":""},"categories":[2],"tags":[],"class_list":{"0":"post-380","1":"post","2":"type-post","3":"status-publish","4":"format-standard","5":"has-post-thumbnail","7":"category-news","8":"entry"},"yoast_head":"<!-- This site is optimized with the Yoast SEO plugin v27.4 - https:\/\/yoast.com\/product\/yoast-seo-wordpress\/ -->\n<title>Coronavirus e mercato immobiliare - OIKIA MAGAZINE<\/title>\n<meta name=\"robots\" content=\"index, follow, max-snippet:-1, max-image-preview:large, max-video-preview:-1\" \/>\n<link rel=\"canonical\" href=\"https:\/\/news.oikia.it\/coronavirus-e-mercato-immobiliare\/\" \/>\n<meta property=\"og:locale\" content=\"it_IT\" \/>\n<meta property=\"og:type\" content=\"article\" \/>\n<meta property=\"og:title\" content=\"Coronavirus e mercato immobiliare - OIKIA MAGAZINE\" \/>\n<meta property=\"og:description\" content=\"L&#8217;emergenza sanitaria del Coronavirus (COVID-19) vede le istituzioni impegnate ad arginare il pericolo pandemia, con Cina e Italia in prima linea, Stati Uniti che, per ora in una posizione pi\u00f9 sicura, sta studiando un vaccino. E i mercati? Ovviamente in flessione.\" \/>\n<meta property=\"og:url\" content=\"https:\/\/news.oikia.it\/coronavirus-e-mercato-immobiliare\/\" \/>\n<meta property=\"og:site_name\" content=\"OIKIA MAGAZINE\" \/>\n<meta property=\"article:published_time\" content=\"2020-02-26T09:12:56+00:00\" \/>\n<meta property=\"article:modified_time\" content=\"2020-02-26T09:12:57+00:00\" \/>\n<meta property=\"og:image\" content=\"https:\/\/news.oikia.it\/wp-content\/uploads\/2020\/02\/piazzaaffari.jpeg\" \/>\n\t<meta property=\"og:image:width\" content=\"900\" \/>\n\t<meta property=\"og:image:height\" content=\"549\" \/>\n\t<meta property=\"og:image:type\" content=\"image\/jpeg\" \/>\n<meta name=\"author\" content=\"Filippo Barbero\" \/>\n<meta name=\"twitter:card\" content=\"summary_large_image\" \/>\n<meta name=\"twitter:label1\" content=\"Scritto da\" \/>\n\t<meta name=\"twitter:data1\" content=\"Filippo Barbero\" \/>\n\t<meta name=\"twitter:label2\" content=\"Tempo di lettura stimato\" \/>\n\t<meta name=\"twitter:data2\" content=\"2 minuti\" \/>\n<script type=\"application\/ld+json\" class=\"yoast-schema-graph\">{\"@context\":\"https:\\\/\\\/schema.org\",\"@graph\":[{\"@type\":\"Article\",\"@id\":\"https:\\\/\\\/news.oikia.it\\\/coronavirus-e-mercato-immobiliare\\\/#article\",\"isPartOf\":{\"@id\":\"https:\\\/\\\/news.oikia.it\\\/coronavirus-e-mercato-immobiliare\\\/\"},\"author\":{\"name\":\"Filippo Barbero\",\"@id\":\"https:\\\/\\\/news.oikia.it\\\/#\\\/schema\\\/person\\\/c949e7d523f44d4240c9b0bda5ab04ce\"},\"headline\":\"Coronavirus e mercato immobiliare\",\"datePublished\":\"2020-02-26T09:12:56+00:00\",\"dateModified\":\"2020-02-26T09:12:57+00:00\",\"mainEntityOfPage\":{\"@id\":\"https:\\\/\\\/news.oikia.it\\\/coronavirus-e-mercato-immobiliare\\\/\"},\"wordCount\":442,\"commentCount\":0,\"publisher\":{\"@id\":\"https:\\\/\\\/news.oikia.it\\\/#organization\"},\"image\":{\"@id\":\"https:\\\/\\\/news.oikia.it\\\/coronavirus-e-mercato-immobiliare\\\/#primaryimage\"},\"thumbnailUrl\":\"https:\\\/\\\/www.oikia.it\\\/news\\\/wp-content\\\/uploads\\\/2020\\\/02\\\/piazzaaffari.jpeg\",\"articleSection\":[\"News\"],\"inLanguage\":\"it-IT\",\"potentialAction\":[{\"@type\":\"CommentAction\",\"name\":\"Comment\",\"target\":[\"https:\\\/\\\/news.oikia.it\\\/coronavirus-e-mercato-immobiliare\\\/#respond\"]}]},{\"@type\":\"WebPage\",\"@id\":\"https:\\\/\\\/news.oikia.it\\\/coronavirus-e-mercato-immobiliare\\\/\",\"url\":\"https:\\\/\\\/news.oikia.it\\\/coronavirus-e-mercato-immobiliare\\\/\",\"name\":\"Coronavirus e mercato immobiliare - OIKIA MAGAZINE\",\"isPartOf\":{\"@id\":\"https:\\\/\\\/news.oikia.it\\\/#website\"},\"primaryImageOfPage\":{\"@id\":\"https:\\\/\\\/news.oikia.it\\\/coronavirus-e-mercato-immobiliare\\\/#primaryimage\"},\"image\":{\"@id\":\"https:\\\/\\\/news.oikia.it\\\/coronavirus-e-mercato-immobiliare\\\/#primaryimage\"},\"thumbnailUrl\":\"https:\\\/\\\/www.oikia.it\\\/news\\\/wp-content\\\/uploads\\\/2020\\\/02\\\/piazzaaffari.jpeg\",\"datePublished\":\"2020-02-26T09:12:56+00:00\",\"dateModified\":\"2020-02-26T09:12:57+00:00\",\"breadcrumb\":{\"@id\":\"https:\\\/\\\/news.oikia.it\\\/coronavirus-e-mercato-immobiliare\\\/#breadcrumb\"},\"inLanguage\":\"it-IT\",\"potentialAction\":[{\"@type\":\"ReadAction\",\"target\":[\"https:\\\/\\\/news.oikia.it\\\/coronavirus-e-mercato-immobiliare\\\/\"]}]},{\"@type\":\"ImageObject\",\"inLanguage\":\"it-IT\",\"@id\":\"https:\\\/\\\/news.oikia.it\\\/coronavirus-e-mercato-immobiliare\\\/#primaryimage\",\"url\":\"https:\\\/\\\/www.oikia.it\\\/news\\\/wp-content\\\/uploads\\\/2020\\\/02\\\/piazzaaffari.jpeg\",\"contentUrl\":\"https:\\\/\\\/www.oikia.it\\\/news\\\/wp-content\\\/uploads\\\/2020\\\/02\\\/piazzaaffari.jpeg\",\"width\":900,\"height\":549},{\"@type\":\"BreadcrumbList\",\"@id\":\"https:\\\/\\\/news.oikia.it\\\/coronavirus-e-mercato-immobiliare\\\/#breadcrumb\",\"itemListElement\":[{\"@type\":\"ListItem\",\"position\":1,\"name\":\"Home\",\"item\":\"https:\\\/\\\/news.oikia.it\\\/\"},{\"@type\":\"ListItem\",\"position\":2,\"name\":\"Coronavirus e mercato immobiliare\"}]},{\"@type\":\"WebSite\",\"@id\":\"https:\\\/\\\/news.oikia.it\\\/#website\",\"url\":\"https:\\\/\\\/news.oikia.it\\\/\",\"name\":\"OIKIA MAGAZINE\",\"description\":\"Notizie, aggiornamenti e consigli dal mondo del mercato immobiliare\",\"publisher\":{\"@id\":\"https:\\\/\\\/news.oikia.it\\\/#organization\"},\"potentialAction\":[{\"@type\":\"SearchAction\",\"target\":{\"@type\":\"EntryPoint\",\"urlTemplate\":\"https:\\\/\\\/news.oikia.it\\\/?s={search_term_string}\"},\"query-input\":{\"@type\":\"PropertyValueSpecification\",\"valueRequired\":true,\"valueName\":\"search_term_string\"}}],\"inLanguage\":\"it-IT\"},{\"@type\":\"Organization\",\"@id\":\"https:\\\/\\\/news.oikia.it\\\/#organization\",\"name\":\"OIKIA MAGAZINE\",\"url\":\"https:\\\/\\\/news.oikia.it\\\/\",\"logo\":{\"@type\":\"ImageObject\",\"inLanguage\":\"it-IT\",\"@id\":\"https:\\\/\\\/news.oikia.it\\\/#\\\/schema\\\/logo\\\/image\\\/\",\"url\":\"https:\\\/\\\/www.oikia.it\\\/news\\\/wp-content\\\/uploads\\\/2021\\\/01\\\/cropped-logo.png\",\"contentUrl\":\"https:\\\/\\\/www.oikia.it\\\/news\\\/wp-content\\\/uploads\\\/2021\\\/01\\\/cropped-logo.png\",\"width\":378,\"height\":119,\"caption\":\"OIKIA MAGAZINE\"},\"image\":{\"@id\":\"https:\\\/\\\/news.oikia.it\\\/#\\\/schema\\\/logo\\\/image\\\/\"}},{\"@type\":\"Person\",\"@id\":\"https:\\\/\\\/news.oikia.it\\\/#\\\/schema\\\/person\\\/c949e7d523f44d4240c9b0bda5ab04ce\",\"name\":\"Filippo Barbero\",\"image\":{\"@type\":\"ImageObject\",\"inLanguage\":\"it-IT\",\"@id\":\"https:\\\/\\\/secure.gravatar.com\\\/avatar\\\/df85dd388f24bc3086c51bc0ab777bb43912f478063bb1dd9f60d709592e96a0?s=96&d=mm&r=g\",\"url\":\"https:\\\/\\\/secure.gravatar.com\\\/avatar\\\/df85dd388f24bc3086c51bc0ab777bb43912f478063bb1dd9f60d709592e96a0?s=96&d=mm&r=g\",\"contentUrl\":\"https:\\\/\\\/secure.gravatar.com\\\/avatar\\\/df85dd388f24bc3086c51bc0ab777bb43912f478063bb1dd9f60d709592e96a0?s=96&d=mm&r=g\",\"caption\":\"Filippo Barbero\"},\"url\":\"https:\\\/\\\/www.oikia.it\\\/news\\\/author\\\/filippo\\\/\"}]}<\/script>\n<!-- \/ Yoast SEO plugin. -->","yoast_head_json":{"title":"Coronavirus e mercato immobiliare - OIKIA MAGAZINE","robots":{"index":"index","follow":"follow","max-snippet":"max-snippet:-1","max-image-preview":"max-image-preview:large","max-video-preview":"max-video-preview:-1"},"canonical":"https:\/\/news.oikia.it\/coronavirus-e-mercato-immobiliare\/","og_locale":"it_IT","og_type":"article","og_title":"Coronavirus e mercato immobiliare - OIKIA MAGAZINE","og_description":"L&#8217;emergenza sanitaria del Coronavirus (COVID-19) vede le istituzioni impegnate ad arginare il pericolo pandemia, con Cina e Italia in prima linea, Stati Uniti che, per ora in una posizione pi\u00f9 sicura, sta studiando un vaccino. E i mercati? Ovviamente in flessione.","og_url":"https:\/\/news.oikia.it\/coronavirus-e-mercato-immobiliare\/","og_site_name":"OIKIA MAGAZINE","article_published_time":"2020-02-26T09:12:56+00:00","article_modified_time":"2020-02-26T09:12:57+00:00","og_image":[{"width":900,"height":549,"url":"https:\/\/news.oikia.it\/wp-content\/uploads\/2020\/02\/piazzaaffari.jpeg","type":"image\/jpeg"}],"author":"Filippo Barbero","twitter_card":"summary_large_image","twitter_misc":{"Scritto da":"Filippo Barbero","Tempo di lettura stimato":"2 minuti"},"schema":{"@context":"https:\/\/schema.org","@graph":[{"@type":"Article","@id":"https:\/\/news.oikia.it\/coronavirus-e-mercato-immobiliare\/#article","isPartOf":{"@id":"https:\/\/news.oikia.it\/coronavirus-e-mercato-immobiliare\/"},"author":{"name":"Filippo Barbero","@id":"https:\/\/news.oikia.it\/#\/schema\/person\/c949e7d523f44d4240c9b0bda5ab04ce"},"headline":"Coronavirus e mercato immobiliare","datePublished":"2020-02-26T09:12:56+00:00","dateModified":"2020-02-26T09:12:57+00:00","mainEntityOfPage":{"@id":"https:\/\/news.oikia.it\/coronavirus-e-mercato-immobiliare\/"},"wordCount":442,"commentCount":0,"publisher":{"@id":"https:\/\/news.oikia.it\/#organization"},"image":{"@id":"https:\/\/news.oikia.it\/coronavirus-e-mercato-immobiliare\/#primaryimage"},"thumbnailUrl":"https:\/\/www.oikia.it\/news\/wp-content\/uploads\/2020\/02\/piazzaaffari.jpeg","articleSection":["News"],"inLanguage":"it-IT","potentialAction":[{"@type":"CommentAction","name":"Comment","target":["https:\/\/news.oikia.it\/coronavirus-e-mercato-immobiliare\/#respond"]}]},{"@type":"WebPage","@id":"https:\/\/news.oikia.it\/coronavirus-e-mercato-immobiliare\/","url":"https:\/\/news.oikia.it\/coronavirus-e-mercato-immobiliare\/","name":"Coronavirus e mercato immobiliare - OIKIA MAGAZINE","isPartOf":{"@id":"https:\/\/news.oikia.it\/#website"},"primaryImageOfPage":{"@id":"https:\/\/news.oikia.it\/coronavirus-e-mercato-immobiliare\/#primaryimage"},"image":{"@id":"https:\/\/news.oikia.it\/coronavirus-e-mercato-immobiliare\/#primaryimage"},"thumbnailUrl":"https:\/\/www.oikia.it\/news\/wp-content\/uploads\/2020\/02\/piazzaaffari.jpeg","datePublished":"2020-02-26T09:12:56+00:00","dateModified":"2020-02-26T09:12:57+00:00","breadcrumb":{"@id":"https:\/\/news.oikia.it\/coronavirus-e-mercato-immobiliare\/#breadcrumb"},"inLanguage":"it-IT","potentialAction":[{"@type":"ReadAction","target":["https:\/\/news.oikia.it\/coronavirus-e-mercato-immobiliare\/"]}]},{"@type":"ImageObject","inLanguage":"it-IT","@id":"https:\/\/news.oikia.it\/coronavirus-e-mercato-immobiliare\/#primaryimage","url":"https:\/\/www.oikia.it\/news\/wp-content\/uploads\/2020\/02\/piazzaaffari.jpeg","contentUrl":"https:\/\/www.oikia.it\/news\/wp-content\/uploads\/2020\/02\/piazzaaffari.jpeg","width":900,"height":549},{"@type":"BreadcrumbList","@id":"https:\/\/news.oikia.it\/coronavirus-e-mercato-immobiliare\/#breadcrumb","itemListElement":[{"@type":"ListItem","position":1,"name":"Home","item":"https:\/\/news.oikia.it\/"},{"@type":"ListItem","position":2,"name":"Coronavirus e mercato immobiliare"}]},{"@type":"WebSite","@id":"https:\/\/news.oikia.it\/#website","url":"https:\/\/news.oikia.it\/","name":"OIKIA MAGAZINE","description":"Notizie, aggiornamenti e consigli dal mondo del mercato immobiliare","publisher":{"@id":"https:\/\/news.oikia.it\/#organization"},"potentialAction":[{"@type":"SearchAction","target":{"@type":"EntryPoint","urlTemplate":"https:\/\/news.oikia.it\/?s={search_term_string}"},"query-input":{"@type":"PropertyValueSpecification","valueRequired":true,"valueName":"search_term_string"}}],"inLanguage":"it-IT"},{"@type":"Organization","@id":"https:\/\/news.oikia.it\/#organization","name":"OIKIA MAGAZINE","url":"https:\/\/news.oikia.it\/","logo":{"@type":"ImageObject","inLanguage":"it-IT","@id":"https:\/\/news.oikia.it\/#\/schema\/logo\/image\/","url":"https:\/\/www.oikia.it\/news\/wp-content\/uploads\/2021\/01\/cropped-logo.png","contentUrl":"https:\/\/www.oikia.it\/news\/wp-content\/uploads\/2021\/01\/cropped-logo.png","width":378,"height":119,"caption":"OIKIA MAGAZINE"},"image":{"@id":"https:\/\/news.oikia.it\/#\/schema\/logo\/image\/"}},{"@type":"Person","@id":"https:\/\/news.oikia.it\/#\/schema\/person\/c949e7d523f44d4240c9b0bda5ab04ce","name":"Filippo Barbero","image":{"@type":"ImageObject","inLanguage":"it-IT","@id":"https:\/\/secure.gravatar.com\/avatar\/df85dd388f24bc3086c51bc0ab777bb43912f478063bb1dd9f60d709592e96a0?s=96&d=mm&r=g","url":"https:\/\/secure.gravatar.com\/avatar\/df85dd388f24bc3086c51bc0ab777bb43912f478063bb1dd9f60d709592e96a0?s=96&d=mm&r=g","contentUrl":"https:\/\/secure.gravatar.com\/avatar\/df85dd388f24bc3086c51bc0ab777bb43912f478063bb1dd9f60d709592e96a0?s=96&d=mm&r=g","caption":"Filippo Barbero"},"url":"https:\/\/www.oikia.it\/news\/author\/filippo\/"}]}},"featured_image_src":"https:\/\/www.oikia.it\/news\/wp-content\/uploads\/2020\/02\/piazzaaffari-600x400.jpeg","featured_image_src_square":"https:\/\/www.oikia.it\/news\/wp-content\/uploads\/2020\/02\/piazzaaffari-600x549.jpeg","author_info":{"display_name":"Filippo Barbero","author_link":"https:\/\/www.oikia.it\/news\/author\/filippo\/"},"_links":{"self":[{"href":"https:\/\/www.oikia.it\/news\/wp-json\/wp\/v2\/posts\/380","targetHints":{"allow":["GET"]}}],"collection":[{"href":"https:\/\/www.oikia.it\/news\/wp-json\/wp\/v2\/posts"}],"about":[{"href":"https:\/\/www.oikia.it\/news\/wp-json\/wp\/v2\/types\/post"}],"author":[{"embeddable":true,"href":"https:\/\/www.oikia.it\/news\/wp-json\/wp\/v2\/users\/4"}],"replies":[{"embeddable":true,"href":"https:\/\/www.oikia.it\/news\/wp-json\/wp\/v2\/comments?post=380"}],"version-history":[{"count":2,"href":"https:\/\/www.oikia.it\/news\/wp-json\/wp\/v2\/posts\/380\/revisions"}],"predecessor-version":[{"id":383,"href":"https:\/\/www.oikia.it\/news\/wp-json\/wp\/v2\/posts\/380\/revisions\/383"}],"wp:featuredmedia":[{"embeddable":true,"href":"https:\/\/www.oikia.it\/news\/wp-json\/wp\/v2\/media\/382"}],"wp:attachment":[{"href":"https:\/\/www.oikia.it\/news\/wp-json\/wp\/v2\/media?parent=380"}],"wp:term":[{"taxonomy":"category","embeddable":true,"href":"https:\/\/www.oikia.it\/news\/wp-json\/wp\/v2\/categories?post=380"},{"taxonomy":"post_tag","embeddable":true,"href":"https:\/\/www.oikia.it\/news\/wp-json\/wp\/v2\/tags?post=380"}],"curies":[{"name":"wp","href":"https:\/\/api.w.org\/{rel}","templated":true}]}}