{"id":2684,"date":"2025-06-20T14:52:47","date_gmt":"2025-06-20T14:52:47","guid":{"rendered":"https:\/\/www.oikia.it\/news\/?p=2684"},"modified":"2025-06-20T14:54:57","modified_gmt":"2025-06-20T14:54:57","slug":"perche-gli-affitti-stanno-aumentando","status":"publish","type":"post","link":"https:\/\/www.oikia.it\/news\/perche-gli-affitti-stanno-aumentando\/","title":{"rendered":"Perch\u00e9 gli affitti stanno aumentando?"},"content":{"rendered":"\n<h3 class=\"wp-block-heading\"><\/h3>\n\n\n\n<p>Negli ultimi anni, il costo degli affitti \u00e8 aumentato in molte citt\u00e0 italiane, rendendo pi\u00f9 difficile per famiglie e giovani trovare una casa a prezzi accessibili. Ma quali sono le cause di questo fenomeno?<\/p>\n\n\n\n<p>L\u2019aumento dei canoni di locazione dipende da diversi fattori, tra cui <strong>la crescita della domanda, la riduzione dell\u2019offerta e il cambiamento delle politiche economiche e immobiliari<\/strong>. In questo articolo analizziamo i principali motivi che stanno spingendo verso l\u2019alto i prezzi degli affitti.<\/p>\n\n\n\n<h3 class=\"wp-block-heading\"><strong>1. Pi\u00f9 domanda, meno case disponibili<\/strong><\/h3>\n\n\n\n<p>Uno dei motivi principali dell\u2019aumento degli affitti \u00e8 <strong>lo squilibrio tra domanda e offerta<\/strong>. Sempre pi\u00f9 persone cercano casa in affitto, ma il numero di immobili disponibili non cresce allo stesso ritmo.<\/p>\n\n\n\n<p><strong>Perch\u00e9 la domanda \u00e8 aumentata?<\/strong><\/p>\n\n\n\n<ul class=\"wp-block-list\">\n<li><strong>Meno mutui accessibili<\/strong>: con i tassi di interesse pi\u00f9 alti, molte persone rinunciano ad acquistare casa e si orientano verso l\u2019affitto.<\/li>\n\n\n\n<li><strong>Boom del lavoro da remoto<\/strong>: sempre pi\u00f9 lavoratori scelgono citt\u00e0 pi\u00f9 vivibili, aumentando la pressione sul mercato locale.<\/li>\n\n\n\n<li><strong>Maggiore mobilit\u00e0 studentesca e lavorativa<\/strong>: le citt\u00e0 universitarie e i centri con un alto numero di lavoratori stagionali vedono una forte richiesta di case in affitto.<\/li>\n<\/ul>\n\n\n\n<p>Dall\u2019altra parte, molti proprietari <strong>non mettono pi\u00f9 a disposizione i loro immobili per l\u2019affitto tradizionale<\/strong>, riducendo l\u2019offerta disponibile.<\/p>\n\n\n\n<h3 class=\"wp-block-heading\"><strong>2. L\u2019effetto degli affitti brevi e turistici<\/strong><\/h3>\n\n\n\n<p>Un altro fattore che sta incidendo sugli affitti \u00e8 l\u2019aumento delle <strong>locazioni brevi e turistiche<\/strong>, come quelle offerte su piattaforme come Airbnb.<\/p>\n\n\n\n<p><strong>Perch\u00e9 incide sui prezzi?<\/strong><\/p>\n\n\n\n<ul class=\"wp-block-list\">\n<li><strong>Maggior guadagno per i proprietari<\/strong>: affittare una casa a turisti per brevi periodi pu\u00f2 essere pi\u00f9 redditizio rispetto a un contratto di lungo termine.<\/li>\n\n\n\n<li><strong>Meno case disponibili per residenti<\/strong>: molte abitazioni vengono convertite in affitti brevi, riducendo le opzioni per chi cerca una casa stabile.<\/li>\n\n\n\n<li><strong>Aumento della concorrenza tra inquilini<\/strong>: con meno immobili sul mercato tradizionale, chi cerca casa si trova a dover competere con un numero maggiore di persone, facendo lievitare i prezzi.<\/li>\n<\/ul>\n\n\n\n<p>Alcune citt\u00e0 hanno gi\u00e0 introdotto <strong>limitazioni sugli affitti brevi<\/strong>, ma gli effetti sul mercato immobiliare sono ancora evidenti.<\/p>\n\n\n\n<h3 class=\"wp-block-heading\"><strong>3. L\u2019inflazione e l\u2019aumento del costo della vita<\/strong><\/h3>\n\n\n\n<p>L\u2019inflazione ha un impatto diretto anche sugli affitti. Il costo della vita \u00e8 aumentato negli ultimi anni, e i proprietari <strong>tendono ad adeguare i canoni di locazione per compensare le maggiori spese<\/strong>.<\/p>\n\n\n\n<p><strong>Cosa incide sull\u2019aumento degli affitti?<\/strong><\/p>\n\n\n\n<ul class=\"wp-block-list\">\n<li><strong>Aumento delle spese condominiali e bollette<\/strong>: i costi di gestione di un immobile sono pi\u00f9 alti, e spesso vengono riversati sugli inquilini.<\/li>\n\n\n\n<li><strong>Rivalutazione ISTAT dei canoni<\/strong>: i contratti d\u2019affitto vengono adeguati all\u2019inflazione, facendo salire il costo della locazione.<\/li>\n\n\n\n<li><strong>Pi\u00f9 tasse per i proprietari<\/strong>: alcune politiche fiscali rendono meno conveniente affittare, spingendo i proprietari ad aumentare i canoni.<\/li>\n<\/ul>\n\n\n\n<p>L\u2019effetto combinato di questi fattori si traduce in un aumento dei costi per chi cerca una casa in affitto.<\/p>\n\n\n\n<h3 class=\"wp-block-heading\"><strong>4. Costruzione di nuove case: troppo lenta per soddisfare la domanda<\/strong><\/h3>\n\n\n\n<p>Un\u2019altra causa dell\u2019aumento degli affitti \u00e8 <strong>la scarsa crescita del numero di nuove abitazioni disponibili<\/strong>.<\/p>\n\n\n\n<p><strong>Quali sono i problemi principali?<\/strong><\/p>\n\n\n\n<ul class=\"wp-block-list\">\n<li><strong>Tempi lunghi per nuove costruzioni<\/strong>: servono anni per realizzare nuovi complessi residenziali.<\/li>\n\n\n\n<li><strong>Burocrazia e vincoli urbanistici<\/strong>: ottenere i permessi per costruire \u00e8 spesso complicato e rallenta l\u2019offerta di nuove case.<\/li>\n\n\n\n<li><strong>Mancanza di incentivi per la riqualificazione degli immobili<\/strong>: molte abitazioni potrebbero essere ristrutturate e immesse sul mercato, ma i costi elevati scoraggiano i proprietari.<\/li>\n<\/ul>\n\n\n\n<p>Se l\u2019offerta di case in affitto non cresce abbastanza rapidamente, i prezzi continueranno a salire.<\/p>\n\n\n\n<h3 class=\"wp-block-heading\"><strong>Cosa aspettarsi per il futuro?<\/strong><\/h3>\n\n\n\n<p>L\u2019aumento degli affitti \u00e8 una <strong>tendenza che potrebbe continuare<\/strong> nei prossimi anni, a meno che non vengano introdotte <strong>misure per riequilibrare domanda e offerta<\/strong>.<\/p>\n\n\n\n<p>\ud83d\udd39 <strong>Nuove regolamentazioni sugli affitti brevi<\/strong> potrebbero liberare pi\u00f9 case per il mercato residenziale.<br>\ud83d\udd39 <strong>Possibili incentivi per l\u2019edilizia<\/strong> potrebbero stimolare la costruzione di nuovi alloggi.<br>\ud83d\udd39 <strong>Un calo dei tassi di interesse<\/strong> potrebbe rendere di nuovo conveniente acquistare, riducendo la pressione sul mercato degli affitti.<\/p>\n\n\n\n<p>Nel frattempo, se stai cercando casa, su <strong>Oikia.it<\/strong> trovi le migliori soluzioni per il tuo budget ed esigenze.<\/p>\n","protected":false},"excerpt":{"rendered":"<p>Negli ultimi anni, il costo degli affitti \u00e8 aumentato in molte citt\u00e0 italiane, rendendo pi\u00f9 difficile per famiglie e giovani trovare una casa a prezzi accessibili. Ma quali sono le cause di questo fenomeno? L\u2019aumento dei canoni di locazione dipende da diversi fattori, tra cui la crescita della domanda, la riduzione dell\u2019offerta e il cambiamento [&hellip;]<\/p>\n","protected":false},"author":10,"featured_media":2686,"comment_status":"open","ping_status":"closed","sticky":false,"template":"","format":"standard","meta":{"_monsterinsights_skip_tracking":false,"_monsterinsights_sitenote_active":false,"_monsterinsights_sitenote_note":"","_monsterinsights_sitenote_category":0,"_genesis_hide_title":false,"_genesis_hide_breadcrumbs":false,"_genesis_hide_singular_image":false,"_genesis_hide_footer_widgets":false,"_genesis_custom_body_class":"","_genesis_custom_post_class":"","_genesis_layout":"","footnotes":""},"categories":[6,84,2],"tags":[],"class_list":{"0":"post-2684","1":"post","2":"type-post","3":"status-publish","4":"format-standard","5":"has-post-thumbnail","7":"category-consigli","8":"category-curiosita","9":"category-news","10":"entry"},"yoast_head":"<!-- This site is optimized with the Yoast SEO plugin v27.5 - https:\/\/yoast.com\/product\/yoast-seo-wordpress\/ -->\n<title>Perch\u00e9 gli affitti stanno aumentando? - OIKIA MAGAZINE<\/title>\n<meta name=\"robots\" content=\"index, follow, max-snippet:-1, max-image-preview:large, max-video-preview:-1\" \/>\n<link rel=\"canonical\" href=\"https:\/\/www.oikia.it\/news\/perche-gli-affitti-stanno-aumentando\/\" \/>\n<meta property=\"og:locale\" content=\"it_IT\" \/>\n<meta property=\"og:type\" content=\"article\" \/>\n<meta property=\"og:title\" content=\"Perch\u00e9 gli affitti stanno aumentando? - OIKIA MAGAZINE\" \/>\n<meta property=\"og:description\" content=\"Negli ultimi anni, il costo degli affitti \u00e8 aumentato in molte citt\u00e0 italiane, rendendo pi\u00f9 difficile per famiglie e giovani trovare una casa a prezzi accessibili. Ma quali sono le cause di questo fenomeno? L\u2019aumento dei canoni di locazione dipende da diversi fattori, tra cui la crescita della domanda, la riduzione dell\u2019offerta e il cambiamento [&hellip;]\" \/>\n<meta property=\"og:url\" content=\"https:\/\/www.oikia.it\/news\/perche-gli-affitti-stanno-aumentando\/\" \/>\n<meta property=\"og:site_name\" content=\"OIKIA MAGAZINE\" \/>\n<meta property=\"article:published_time\" content=\"2025-06-20T14:52:47+00:00\" \/>\n<meta property=\"article:modified_time\" content=\"2025-06-20T14:54:57+00:00\" \/>\n<meta property=\"og:image\" content=\"https:\/\/www.oikia.it\/news\/wp-content\/uploads\/2025\/06\/Immagine-in-evidenza-3.png\" \/>\n\t<meta property=\"og:image:width\" content=\"1920\" \/>\n\t<meta property=\"og:image:height\" content=\"1080\" \/>\n\t<meta property=\"og:image:type\" content=\"image\/png\" \/>\n<meta name=\"author\" content=\"Carlotta\" \/>\n<meta name=\"twitter:card\" content=\"summary_large_image\" \/>\n<meta name=\"twitter:label1\" content=\"Scritto da\" \/>\n\t<meta name=\"twitter:data1\" content=\"Carlotta\" \/>\n\t<meta name=\"twitter:label2\" content=\"Tempo di lettura stimato\" \/>\n\t<meta name=\"twitter:data2\" content=\"4 minuti\" \/>\n<script type=\"application\/ld+json\" class=\"yoast-schema-graph\">{\"@context\":\"https:\\\/\\\/schema.org\",\"@graph\":[{\"@type\":\"Article\",\"@id\":\"https:\\\/\\\/www.oikia.it\\\/news\\\/perche-gli-affitti-stanno-aumentando\\\/#article\",\"isPartOf\":{\"@id\":\"https:\\\/\\\/www.oikia.it\\\/news\\\/perche-gli-affitti-stanno-aumentando\\\/\"},\"author\":{\"name\":\"Carlotta\",\"@id\":\"https:\\\/\\\/news.oikia.it\\\/#\\\/schema\\\/person\\\/2ab90e6654dd9f7af8278124e14a098c\"},\"headline\":\"Perch\u00e9 gli affitti stanno aumentando?\",\"datePublished\":\"2025-06-20T14:52:47+00:00\",\"dateModified\":\"2025-06-20T14:54:57+00:00\",\"mainEntityOfPage\":{\"@id\":\"https:\\\/\\\/www.oikia.it\\\/news\\\/perche-gli-affitti-stanno-aumentando\\\/\"},\"wordCount\":655,\"commentCount\":0,\"publisher\":{\"@id\":\"https:\\\/\\\/news.oikia.it\\\/#organization\"},\"image\":{\"@id\":\"https:\\\/\\\/www.oikia.it\\\/news\\\/perche-gli-affitti-stanno-aumentando\\\/#primaryimage\"},\"thumbnailUrl\":\"https:\\\/\\\/www.oikia.it\\\/news\\\/wp-content\\\/uploads\\\/2025\\\/06\\\/Immagine-in-evidenza-3.png\",\"articleSection\":[\"Consigli\",\"Curiosit\u00e0\",\"News\"],\"inLanguage\":\"it-IT\",\"potentialAction\":[{\"@type\":\"CommentAction\",\"name\":\"Comment\",\"target\":[\"https:\\\/\\\/www.oikia.it\\\/news\\\/perche-gli-affitti-stanno-aumentando\\\/#respond\"]}]},{\"@type\":\"WebPage\",\"@id\":\"https:\\\/\\\/www.oikia.it\\\/news\\\/perche-gli-affitti-stanno-aumentando\\\/\",\"url\":\"https:\\\/\\\/www.oikia.it\\\/news\\\/perche-gli-affitti-stanno-aumentando\\\/\",\"name\":\"Perch\u00e9 gli affitti stanno aumentando? - OIKIA MAGAZINE\",\"isPartOf\":{\"@id\":\"https:\\\/\\\/news.oikia.it\\\/#website\"},\"primaryImageOfPage\":{\"@id\":\"https:\\\/\\\/www.oikia.it\\\/news\\\/perche-gli-affitti-stanno-aumentando\\\/#primaryimage\"},\"image\":{\"@id\":\"https:\\\/\\\/www.oikia.it\\\/news\\\/perche-gli-affitti-stanno-aumentando\\\/#primaryimage\"},\"thumbnailUrl\":\"https:\\\/\\\/www.oikia.it\\\/news\\\/wp-content\\\/uploads\\\/2025\\\/06\\\/Immagine-in-evidenza-3.png\",\"datePublished\":\"2025-06-20T14:52:47+00:00\",\"dateModified\":\"2025-06-20T14:54:57+00:00\",\"breadcrumb\":{\"@id\":\"https:\\\/\\\/www.oikia.it\\\/news\\\/perche-gli-affitti-stanno-aumentando\\\/#breadcrumb\"},\"inLanguage\":\"it-IT\",\"potentialAction\":[{\"@type\":\"ReadAction\",\"target\":[\"https:\\\/\\\/www.oikia.it\\\/news\\\/perche-gli-affitti-stanno-aumentando\\\/\"]}]},{\"@type\":\"ImageObject\",\"inLanguage\":\"it-IT\",\"@id\":\"https:\\\/\\\/www.oikia.it\\\/news\\\/perche-gli-affitti-stanno-aumentando\\\/#primaryimage\",\"url\":\"https:\\\/\\\/www.oikia.it\\\/news\\\/wp-content\\\/uploads\\\/2025\\\/06\\\/Immagine-in-evidenza-3.png\",\"contentUrl\":\"https:\\\/\\\/www.oikia.it\\\/news\\\/wp-content\\\/uploads\\\/2025\\\/06\\\/Immagine-in-evidenza-3.png\",\"width\":1920,\"height\":1080},{\"@type\":\"BreadcrumbList\",\"@id\":\"https:\\\/\\\/www.oikia.it\\\/news\\\/perche-gli-affitti-stanno-aumentando\\\/#breadcrumb\",\"itemListElement\":[{\"@type\":\"ListItem\",\"position\":1,\"name\":\"Home\",\"item\":\"https:\\\/\\\/news.oikia.it\\\/\"},{\"@type\":\"ListItem\",\"position\":2,\"name\":\"Perch\u00e9 gli affitti stanno aumentando?\"}]},{\"@type\":\"WebSite\",\"@id\":\"https:\\\/\\\/news.oikia.it\\\/#website\",\"url\":\"https:\\\/\\\/news.oikia.it\\\/\",\"name\":\"OIKIA MAGAZINE\",\"description\":\"Notizie, aggiornamenti e consigli dal mondo del mercato immobiliare\",\"publisher\":{\"@id\":\"https:\\\/\\\/news.oikia.it\\\/#organization\"},\"potentialAction\":[{\"@type\":\"SearchAction\",\"target\":{\"@type\":\"EntryPoint\",\"urlTemplate\":\"https:\\\/\\\/news.oikia.it\\\/?s={search_term_string}\"},\"query-input\":{\"@type\":\"PropertyValueSpecification\",\"valueRequired\":true,\"valueName\":\"search_term_string\"}}],\"inLanguage\":\"it-IT\"},{\"@type\":\"Organization\",\"@id\":\"https:\\\/\\\/news.oikia.it\\\/#organization\",\"name\":\"OIKIA MAGAZINE\",\"url\":\"https:\\\/\\\/news.oikia.it\\\/\",\"logo\":{\"@type\":\"ImageObject\",\"inLanguage\":\"it-IT\",\"@id\":\"https:\\\/\\\/news.oikia.it\\\/#\\\/schema\\\/logo\\\/image\\\/\",\"url\":\"https:\\\/\\\/www.oikia.it\\\/news\\\/wp-content\\\/uploads\\\/2021\\\/01\\\/cropped-logo.png\",\"contentUrl\":\"https:\\\/\\\/www.oikia.it\\\/news\\\/wp-content\\\/uploads\\\/2021\\\/01\\\/cropped-logo.png\",\"width\":378,\"height\":119,\"caption\":\"OIKIA MAGAZINE\"},\"image\":{\"@id\":\"https:\\\/\\\/news.oikia.it\\\/#\\\/schema\\\/logo\\\/image\\\/\"}},{\"@type\":\"Person\",\"@id\":\"https:\\\/\\\/news.oikia.it\\\/#\\\/schema\\\/person\\\/2ab90e6654dd9f7af8278124e14a098c\",\"name\":\"Carlotta\",\"image\":{\"@type\":\"ImageObject\",\"inLanguage\":\"it-IT\",\"@id\":\"https:\\\/\\\/secure.gravatar.com\\\/avatar\\\/aff46791c4fae7029897664e9dc7465c9ce0330aa2992a63c389afdd8de37b65?s=96&d=mm&r=g\",\"url\":\"https:\\\/\\\/secure.gravatar.com\\\/avatar\\\/aff46791c4fae7029897664e9dc7465c9ce0330aa2992a63c389afdd8de37b65?s=96&d=mm&r=g\",\"contentUrl\":\"https:\\\/\\\/secure.gravatar.com\\\/avatar\\\/aff46791c4fae7029897664e9dc7465c9ce0330aa2992a63c389afdd8de37b65?s=96&d=mm&r=g\",\"caption\":\"Carlotta\"},\"url\":\"https:\\\/\\\/www.oikia.it\\\/news\\\/author\\\/carlotta\\\/\"}]}<\/script>\n<!-- \/ Yoast SEO plugin. -->","yoast_head_json":{"title":"Perch\u00e9 gli affitti stanno aumentando? - OIKIA MAGAZINE","robots":{"index":"index","follow":"follow","max-snippet":"max-snippet:-1","max-image-preview":"max-image-preview:large","max-video-preview":"max-video-preview:-1"},"canonical":"https:\/\/www.oikia.it\/news\/perche-gli-affitti-stanno-aumentando\/","og_locale":"it_IT","og_type":"article","og_title":"Perch\u00e9 gli affitti stanno aumentando? - OIKIA MAGAZINE","og_description":"Negli ultimi anni, il costo degli affitti \u00e8 aumentato in molte citt\u00e0 italiane, rendendo pi\u00f9 difficile per famiglie e giovani trovare una casa a prezzi accessibili. Ma quali sono le cause di questo fenomeno? L\u2019aumento dei canoni di locazione dipende da diversi fattori, tra cui la crescita della domanda, la riduzione dell\u2019offerta e il cambiamento [&hellip;]","og_url":"https:\/\/www.oikia.it\/news\/perche-gli-affitti-stanno-aumentando\/","og_site_name":"OIKIA MAGAZINE","article_published_time":"2025-06-20T14:52:47+00:00","article_modified_time":"2025-06-20T14:54:57+00:00","og_image":[{"width":1920,"height":1080,"url":"https:\/\/www.oikia.it\/news\/wp-content\/uploads\/2025\/06\/Immagine-in-evidenza-3.png","type":"image\/png"}],"author":"Carlotta","twitter_card":"summary_large_image","twitter_misc":{"Scritto da":"Carlotta","Tempo di lettura stimato":"4 minuti"},"schema":{"@context":"https:\/\/schema.org","@graph":[{"@type":"Article","@id":"https:\/\/www.oikia.it\/news\/perche-gli-affitti-stanno-aumentando\/#article","isPartOf":{"@id":"https:\/\/www.oikia.it\/news\/perche-gli-affitti-stanno-aumentando\/"},"author":{"name":"Carlotta","@id":"https:\/\/news.oikia.it\/#\/schema\/person\/2ab90e6654dd9f7af8278124e14a098c"},"headline":"Perch\u00e9 gli affitti stanno aumentando?","datePublished":"2025-06-20T14:52:47+00:00","dateModified":"2025-06-20T14:54:57+00:00","mainEntityOfPage":{"@id":"https:\/\/www.oikia.it\/news\/perche-gli-affitti-stanno-aumentando\/"},"wordCount":655,"commentCount":0,"publisher":{"@id":"https:\/\/news.oikia.it\/#organization"},"image":{"@id":"https:\/\/www.oikia.it\/news\/perche-gli-affitti-stanno-aumentando\/#primaryimage"},"thumbnailUrl":"https:\/\/www.oikia.it\/news\/wp-content\/uploads\/2025\/06\/Immagine-in-evidenza-3.png","articleSection":["Consigli","Curiosit\u00e0","News"],"inLanguage":"it-IT","potentialAction":[{"@type":"CommentAction","name":"Comment","target":["https:\/\/www.oikia.it\/news\/perche-gli-affitti-stanno-aumentando\/#respond"]}]},{"@type":"WebPage","@id":"https:\/\/www.oikia.it\/news\/perche-gli-affitti-stanno-aumentando\/","url":"https:\/\/www.oikia.it\/news\/perche-gli-affitti-stanno-aumentando\/","name":"Perch\u00e9 gli affitti stanno aumentando? - OIKIA MAGAZINE","isPartOf":{"@id":"https:\/\/news.oikia.it\/#website"},"primaryImageOfPage":{"@id":"https:\/\/www.oikia.it\/news\/perche-gli-affitti-stanno-aumentando\/#primaryimage"},"image":{"@id":"https:\/\/www.oikia.it\/news\/perche-gli-affitti-stanno-aumentando\/#primaryimage"},"thumbnailUrl":"https:\/\/www.oikia.it\/news\/wp-content\/uploads\/2025\/06\/Immagine-in-evidenza-3.png","datePublished":"2025-06-20T14:52:47+00:00","dateModified":"2025-06-20T14:54:57+00:00","breadcrumb":{"@id":"https:\/\/www.oikia.it\/news\/perche-gli-affitti-stanno-aumentando\/#breadcrumb"},"inLanguage":"it-IT","potentialAction":[{"@type":"ReadAction","target":["https:\/\/www.oikia.it\/news\/perche-gli-affitti-stanno-aumentando\/"]}]},{"@type":"ImageObject","inLanguage":"it-IT","@id":"https:\/\/www.oikia.it\/news\/perche-gli-affitti-stanno-aumentando\/#primaryimage","url":"https:\/\/www.oikia.it\/news\/wp-content\/uploads\/2025\/06\/Immagine-in-evidenza-3.png","contentUrl":"https:\/\/www.oikia.it\/news\/wp-content\/uploads\/2025\/06\/Immagine-in-evidenza-3.png","width":1920,"height":1080},{"@type":"BreadcrumbList","@id":"https:\/\/www.oikia.it\/news\/perche-gli-affitti-stanno-aumentando\/#breadcrumb","itemListElement":[{"@type":"ListItem","position":1,"name":"Home","item":"https:\/\/news.oikia.it\/"},{"@type":"ListItem","position":2,"name":"Perch\u00e9 gli affitti stanno aumentando?"}]},{"@type":"WebSite","@id":"https:\/\/news.oikia.it\/#website","url":"https:\/\/news.oikia.it\/","name":"OIKIA MAGAZINE","description":"Notizie, aggiornamenti e consigli dal mondo del mercato immobiliare","publisher":{"@id":"https:\/\/news.oikia.it\/#organization"},"potentialAction":[{"@type":"SearchAction","target":{"@type":"EntryPoint","urlTemplate":"https:\/\/news.oikia.it\/?s={search_term_string}"},"query-input":{"@type":"PropertyValueSpecification","valueRequired":true,"valueName":"search_term_string"}}],"inLanguage":"it-IT"},{"@type":"Organization","@id":"https:\/\/news.oikia.it\/#organization","name":"OIKIA MAGAZINE","url":"https:\/\/news.oikia.it\/","logo":{"@type":"ImageObject","inLanguage":"it-IT","@id":"https:\/\/news.oikia.it\/#\/schema\/logo\/image\/","url":"https:\/\/www.oikia.it\/news\/wp-content\/uploads\/2021\/01\/cropped-logo.png","contentUrl":"https:\/\/www.oikia.it\/news\/wp-content\/uploads\/2021\/01\/cropped-logo.png","width":378,"height":119,"caption":"OIKIA MAGAZINE"},"image":{"@id":"https:\/\/news.oikia.it\/#\/schema\/logo\/image\/"}},{"@type":"Person","@id":"https:\/\/news.oikia.it\/#\/schema\/person\/2ab90e6654dd9f7af8278124e14a098c","name":"Carlotta","image":{"@type":"ImageObject","inLanguage":"it-IT","@id":"https:\/\/secure.gravatar.com\/avatar\/aff46791c4fae7029897664e9dc7465c9ce0330aa2992a63c389afdd8de37b65?s=96&d=mm&r=g","url":"https:\/\/secure.gravatar.com\/avatar\/aff46791c4fae7029897664e9dc7465c9ce0330aa2992a63c389afdd8de37b65?s=96&d=mm&r=g","contentUrl":"https:\/\/secure.gravatar.com\/avatar\/aff46791c4fae7029897664e9dc7465c9ce0330aa2992a63c389afdd8de37b65?s=96&d=mm&r=g","caption":"Carlotta"},"url":"https:\/\/www.oikia.it\/news\/author\/carlotta\/"}]}},"featured_image_src":"https:\/\/www.oikia.it\/news\/wp-content\/uploads\/2025\/06\/Immagine-in-evidenza-3-600x400.png","featured_image_src_square":"https:\/\/www.oikia.it\/news\/wp-content\/uploads\/2025\/06\/Immagine-in-evidenza-3-600x600.png","author_info":{"display_name":"Carlotta","author_link":"https:\/\/www.oikia.it\/news\/author\/carlotta\/"},"_links":{"self":[{"href":"https:\/\/www.oikia.it\/news\/wp-json\/wp\/v2\/posts\/2684","targetHints":{"allow":["GET"]}}],"collection":[{"href":"https:\/\/www.oikia.it\/news\/wp-json\/wp\/v2\/posts"}],"about":[{"href":"https:\/\/www.oikia.it\/news\/wp-json\/wp\/v2\/types\/post"}],"author":[{"embeddable":true,"href":"https:\/\/www.oikia.it\/news\/wp-json\/wp\/v2\/users\/10"}],"replies":[{"embeddable":true,"href":"https:\/\/www.oikia.it\/news\/wp-json\/wp\/v2\/comments?post=2684"}],"version-history":[{"count":1,"href":"https:\/\/www.oikia.it\/news\/wp-json\/wp\/v2\/posts\/2684\/revisions"}],"predecessor-version":[{"id":2685,"href":"https:\/\/www.oikia.it\/news\/wp-json\/wp\/v2\/posts\/2684\/revisions\/2685"}],"wp:featuredmedia":[{"embeddable":true,"href":"https:\/\/www.oikia.it\/news\/wp-json\/wp\/v2\/media\/2686"}],"wp:attachment":[{"href":"https:\/\/www.oikia.it\/news\/wp-json\/wp\/v2\/media?parent=2684"}],"wp:term":[{"taxonomy":"category","embeddable":true,"href":"https:\/\/www.oikia.it\/news\/wp-json\/wp\/v2\/categories?post=2684"},{"taxonomy":"post_tag","embeddable":true,"href":"https:\/\/www.oikia.it\/news\/wp-json\/wp\/v2\/tags?post=2684"}],"curies":[{"name":"wp","href":"https:\/\/api.w.org\/{rel}","templated":true}]}}